{"id":47267,"date":"2024-04-24T16:05:07","date_gmt":"2024-04-24T14:05:07","guid":{"rendered":"https:\/\/plasticodyssey.org\/cuerdas-fibra-coco-polinesia-francesa\/"},"modified":"2024-04-26T08:58:08","modified_gmt":"2024-04-26T06:58:08","slug":"cuerdas-fibra-coco-polinesia-francesa","status":"publish","type":"post","link":"https:\/\/plasticodyssey.org\/es\/cuerdas-fibra-coco-polinesia-francesa\/","title":{"rendered":"Polinesia Francesa: cuerdas tejidas con fibra de coco"},"content":{"rendered":"<div class=\"wpb-content-wrapper\"><p>[vc_row css_animation=\u00bb\u00bb row_type=\u00bbrow\u00bb use_row_as_full_screen_section=\u00bbno\u00bb type=\u00bbgrid\u00bb angled_section=\u00bbno\u00bb text_align=\u00bbcenter\u00bb background_image_as_pattern=\u00bbwithout_pattern\u00bb row_negative_margin=\u00bbdisable_negative_margin\u00bb z_index=\u00bb\u00bb el_class=\u00bbheadpage_article\u00bb][vc_column el_class=\u00bbtoptobottom\u00bb][vc_column_text]El cultivo de perlas negras, segundo pilar econ\u00f3mico de la Polinesia Francesa, requiere mucho material, sobre todo cuerdas, para cultivar las ostras en las lagunas. En la actualidad, estas cuerdas son principalmente de pl\u00e1stico por su asequibilidad y fiabilidad.[\/vc_column_text]<span data-type=\"normal\" data-hover-icon-color=\"#ff5a60\" class=\"qode_icon_shortcode  q_font_awsome_icon fa-lg pull-center \" style=\"margin: 40px 10px 20px 10px; \"><a class=\"anchor\" itemprop=\"url\" href=\"#more\" target=\"_self\"><i class=\"qode_icon_font_awesome fa  qode_icon_element\" style=\"color: #ffffff;\" ><\/i><\/a><\/span>[\/vc_column][\/vc_row][vc_row css_animation=\u00bb\u00bb row_type=\u00bbrow\u00bb use_row_as_full_screen_section=\u00bbno\u00bb type=\u00bbgrid\u00bb angled_section=\u00bbno\u00bb text_align=\u00bbleft\u00bb background_image_as_pattern=\u00bbwithout_pattern\u00bb z_index=\u00bb\u00bb anchor=\u00bbmore\u00bb el_class=\u00bbarticle_content\u00bb padding_bottom=\u00bb40&#8243; padding_top=\u00bb20&#8243;][vc_column el_class=\u00bbpt2&#8243;][vc_column_text css=\u00bb.vc_custom_1713971539028{margin-bottom: 20px !important;}\u00bb]Sin embargo, esta pr\u00e1ctica tiene una serie de consecuencias perjudiciales para el medio ambiente, como la propagaci\u00f3n de micropl\u00e1sticos en las lagunas y la amenaza para la biodiversidad marina. Afortunadamente, ahora existe una gran voluntad de encontrar alternativas al pl\u00e1stico. Gracias a la colaboraci\u00f3n entre el <a href=\"https:\/\/www.ressources-marines.gov.pf\/\" target=\"_blank\" rel=\"noopener\">Departamento de Recursos Marinos (DRM)<\/a> y una empresa local, naci\u00f3 un nuevo proyecto: Cocorig, cuerdas fabricadas con c\u00e1scara de coco.<\/p>\n<h2>La historia de Beno\u00eet y el proyecto Cocorig<\/h2>\n<p>Beno\u00eet Parnaudeau, antiguo navegante apasionado por el mar, se instal\u00f3 en Papeete hace m\u00e1s de 10 a\u00f1os y cre\u00f3 su propia empresa de cuerdas para velas. Sensible al destino de nuestro planeta, siempre ha intentado a\u00f1adir una dimensi\u00f3n sostenible a su negocio. Primero explor\u00f3 la idea de sustituir los cables de acero inoxidable utilizados en los veleros por alternativas de dyneema, m\u00e1s resistentes al paso del tiempo y que requieren menos recursos, aunque siguen siendo de pl\u00e1stico.[\/vc_column_text][vc_single_image image=\u00bb47230&#8243; img_size=\u00bbfull\u00bb qode_css_animation=\u00bb\u00bb][vc_column_text el_class=\u00bbmt2&#8243; css=\u00bb.vc_custom_1713971806025{margin-bottom: 20px !important;}\u00bb]H\u00e1bil con las manos, intent\u00f3 entonces mejorar sus t\u00e9cnicas e innovar, siempre con la esperanza de ser m\u00e1s responsable con el medio ambiente. Por eso acept\u00f3 colaborar con el DRM para encontrar soluciones a los problemas de las cuerdas de pl\u00e1stico en la industria perlera.<\/p>\n<h2>Valor a\u00f1adido a la fibra de coco<\/h2>\n<p>En la <a href=\"https:\/\/plasticodyssey.org\/es\/expedicion\/escalas\/polinesia-francesa\/\">Polinesia Francesa<\/a>, el cultivo del coco es de vital importancia en este vasto territorio.<\/p>\n<p><em>\u00abCada a\u00f1o caen de los \u00e1rboles m\u00e1s de 60 millones de cocos y s\u00f3lo 48 millones se utilizan para la copracultura (el cultivo de aceite de coco). La idea es poder recuperar todo lo que no se utiliza y darle un buen uso\u00bb.<\/em> Beno\u00eet Parnaudeau.[\/vc_column_text][vc_single_image image=\u00bb47201&#8243; img_size=\u00bbfull\u00bb qode_css_animation=\u00bb\u00bb][vc_column_text css=\u00bb.vc_custom_1713971680585{margin-bottom: 20px !important;}\u00bb el_class=\u00bbmt2&#8243;]Los cocos se suelen utilizar s\u00f3lo por uno de sus componentes, es decir, la c\u00e1scara, la cascarilla, el aceite, etc. Con el <a href=\"https:\/\/pf.linkedin.com\/in\/cocorig-tahiti-69708b1b7\" target=\"_blank\" rel=\"noopener\">proyecto Cocorig<\/a> se est\u00e1 creando una econom\u00eda circular al recuperar cada parte de esta materia prima polivalente. Utilizando la parte fibrosa de la c\u00e1scara de coco que envuelve y protege el fruto del cocotero, es posible aglomerar este material para fabricar cuerdas.[\/vc_column_text][vc_single_image image=\u00bb47206&#8243; img_size=\u00bbfull\u00bb qode_css_animation=\u00bb\u00bb][vc_column_text css=\u00bb.vc_custom_1713971326718{margin-bottom: 20px !important;}\u00bb el_class=\u00bbmt2&#8243;]El proceso de fabricaci\u00f3n de la cuerda comienza en la isla de Raiatea, a las afueras de Tahit\u00ed, donde se recogen los cocos y se procesan para extraer la fibra. A continuaci\u00f3n, las fibras se trenzan por primera vez. Una vez trenzadas, las cuerdas se env\u00edan a Cocorig, en la isla principal de Tahit\u00ed. Para reforzar la resistencia del material, las hebras (cabos de cuerda) se entrelazan a continuaci\u00f3n para formar las cuerdas finales. Beno\u00eet utiliza una vieja m\u00e1quina de 1978 de una f\u00e1brica de cuerdas francesa para esta etapa crucial del proceso.<\/p>\n<p>Estas cuerdas est\u00e1n actualmente en fase de prueba, ya que sigue siendo dif\u00edcil encontrar un biomaterial que cumpla todos los criterios del polipropileno utilizado para las cuerdas de las granjas de perlas. Por ello, Beno\u00eet est\u00e1 estudiando la posibilidad de utilizar estas cuerdas para otros fines:[\/vc_column_text][vc_single_image image=\u00bb47209&#8243; img_size=\u00bbfull\u00bb qode_css_animation=\u00bb\u00bb][vc_column_text css=\u00bb.vc_custom_1713971319172{margin-bottom: 20px !important;}\u00bb el_class=\u00bbmt2&#8243;]<em>\u00abPodr\u00edamos muy bien utilizar estas cuerdas en la agricultura. En la Polinesia Francesa hay el equivalente a 140 millones de metros de cuerda en explotaciones agr\u00edcolas, por lo que ser\u00edan 140 millones de cuerdas fabricadas localmente en Tahit\u00ed, sin generar residuos. Tambi\u00e9n hay varias salidas para la fibra de coco, como las redes y las fibras geotextiles, as\u00ed que estamos al principio de un largo proceso.\u00bb<\/em> dice Beno\u00eet.[\/vc_column_text][vc_column_text css=\u00bb.vc_custom_1713969090751{margin-bottom: 20px !important;}\u00bb el_class=\u00bbmt1&#8243;]Aunque por el momento no existen soluciones ideales para la industria del cultivo de perlas, el proyecto Cocorig es una iniciativa muy alentadora de cara al futuro. Tambi\u00e9n es una prueba de que puede aplicarse en m\u00e1s de un sector empresarial. Beno\u00eet conf\u00eda en que esta t\u00e9cnica evolucione con el tiempo y se convierta en una soluci\u00f3n real a la contaminaci\u00f3n por pl\u00e1sticos.[\/vc_column_text][\/vc_column][\/vc_row][vc_row css_animation=\u00bb\u00bb row_type=\u00bbrow\u00bb use_row_as_full_screen_section=\u00bbno\u00bb type=\u00bbgrid\u00bb angled_section=\u00bbno\u00bb text_align=\u00bbcenter\u00bb background_image_as_pattern=\u00bbwithout_pattern\u00bb z_index=\u00bb\u00bb el_class=\u00bbblog_content\u00bb][vc_column][vc_column_text]\n<div class=\"juiz_sps_links  counters_both juiz_sps_displayed_nowhere\" data-post-id=\"47267\">\n<p class=\"screen-reader-text juiz_sps_maybe_hidden_text\">Compartir la entrada \"Polinesia Francesa: cuerdas tejidas con fibra de coco\"<\/p>\n\n\t<ul class=\"juiz_sps_links_list\"><li class=\"juiz_sps_item juiz_sps_link_facebook\"><a href=\"https:\/\/www.facebook.com\/sharer.php?u=https%3A%2F%2Fplasticodyssey.org%2Fes%2Fwp-json%2Fwp%2Fv2%2Fposts%2F47267\" rel=\"nofollow\"  target=\"_blank\"  title=\"Compartir este art\u00edculo en Facebook\" class=\"juiz_sps_button\" data-nobs-key=\"facebook\"><span class=\"juiz_sps_icon jsps-facebook\"><\/span><span class=\"juiz_sps_network_name\">Facebook<\/span><\/a><\/li><li class=\"juiz_sps_item juiz_sps_link_twitter\"><a href=\"https:\/\/twitter.com\/intent\/tweet?source=webclient&#038;original_referer=https%3A%2F%2Fplasticodyssey.org%2Fes%2Fwp-json%2Fwp%2Fv2%2Fposts%2F47267&#038;text=Polinesia%20Francesa%3A%20cuerdas%20tejidas%20con%20fibra%20de%20coco&#038;url=https%3A%2F%2Fplasticodyssey.org%2Fes%2Fwp-json%2Fwp%2Fv2%2Fposts%2F47267&#038;related=plasticodyssey&#038;via=plasticodyssey\" rel=\"nofollow\"  target=\"_blank\"  title=\"Compartir este art\u00edculo en X\" class=\"juiz_sps_button\" data-nobs-key=\"twitter\"><span class=\"juiz_sps_icon jsps-twitter\"><\/span><span class=\"juiz_sps_network_name\">X<\/span><\/a><\/li><li class=\"juiz_sps_item juiz_sps_link_linkedin\"><a href=\"https:\/\/www.linkedin.com\/sharing\/share-offsite\/?url=https%3A%2F%2Fplasticodyssey.org%2Fes%2Fwp-json%2Fwp%2Fv2%2Fposts%2F47267\" rel=\"nofollow\"  target=\"_blank\"  title=\"Compartir este art\u00edculo en LinkedIn\" class=\"juiz_sps_button\" data-nobs-key=\"linkedin\"><span class=\"juiz_sps_icon jsps-linkedin\"><\/span><span class=\"juiz_sps_network_name\">LinkedIn<\/span><\/a><\/li><\/ul>\n\t<\/div>\n\n[\/vc_column_text][\/vc_column][\/vc_row]<\/p>\n<\/div>","protected":false},"excerpt":{"rendered":"<p>El cultivo de perlas negras, segundo pilar econ\u00f3mico de la Polinesia Francesa, requiere mucho material, sobre todo cuerdas, para cultivar las ostras en las lagunas. En la actualidad, estas cuerdas son principalmente de pl\u00e1stico por su asequibilidad y fiabilidad.<\/p>\n","protected":false},"author":3,"featured_media":47233,"comment_status":"closed","ping_status":"closed","sticky":false,"template":"","format":"standard","meta":{"footnotes":""},"categories":[164,168,212],"tags":[],"class_list":["post-47267","post","type-post","status-publish","format-standard","has-post-thumbnail","hentry","category-escalas","category-expedicion","category-polinesia-francesa"],"yoast_head":"<!-- This site is optimized with the Yoast SEO plugin v25.5 - https:\/\/yoast.com\/wordpress\/plugins\/seo\/ -->\n<title>Cuerdas de fibra de coco Polinesia Francesa | Plastic Odyssey<\/title>\n<meta name=\"description\" content=\"El cultivo de perlas negras, segundo pilar econ\u00f3mico de la Polinesia Francesa, requiere mucho material, sobre todo cuerdas, para cultivar las ostras en las lagunas.\" \/>\n<meta name=\"robots\" content=\"index, follow, max-snippet:-1, max-image-preview:large, max-video-preview:-1\" \/>\n<link rel=\"canonical\" href=\"https:\/\/plasticodyssey.org\/es\/cuerdas-fibra-coco-polinesia-francesa\/\" \/>\n<meta property=\"og:locale\" content=\"es_ES\" \/>\n<meta property=\"og:type\" content=\"article\" \/>\n<meta property=\"og:title\" content=\"Cuerdas de fibra de coco Polinesia Francesa | Plastic Odyssey\" \/>\n<meta property=\"og:description\" content=\"El cultivo de perlas negras, segundo pilar econ\u00f3mico de la Polinesia Francesa, requiere mucho material, sobre todo cuerdas, para cultivar las ostras en las lagunas.\" \/>\n<meta property=\"og:url\" content=\"https:\/\/plasticodyssey.org\/es\/cuerdas-fibra-coco-polinesia-francesa\/\" \/>\n<meta property=\"og:site_name\" content=\"Plastic Odyssey\" \/>\n<meta property=\"article:publisher\" content=\"https:\/\/www.facebook.com\/plasticodyssey\/\" \/>\n<meta property=\"article:published_time\" content=\"2024-04-24T14:05:07+00:00\" \/>\n<meta property=\"article:modified_time\" content=\"2024-04-26T06:58:08+00:00\" \/>\n<meta property=\"og:image\" content=\"https:\/\/plasticodyssey.org\/wp-content\/uploads\/2024\/04\/BENOIT-Cocorig.jpg\" \/>\n\t<meta property=\"og:image:width\" content=\"1920\" \/>\n\t<meta property=\"og:image:height\" content=\"1080\" \/>\n\t<meta property=\"og:image:type\" content=\"image\/jpeg\" \/>\n<meta name=\"author\" content=\"Alexandre Dechelotte\" \/>\n<meta name=\"twitter:card\" content=\"summary_large_image\" \/>\n<meta name=\"twitter:creator\" content=\"@plasticodyssey\" \/>\n<meta name=\"twitter:site\" content=\"@plasticodyssey\" \/>\n<meta name=\"twitter:label1\" content=\"Escrito por\" \/>\n\t<meta name=\"twitter:data1\" content=\"Alexandre Dechelotte\" \/>\n\t<meta name=\"twitter:label2\" content=\"Tiempo de lectura\" \/>\n\t<meta name=\"twitter:data2\" content=\"5 minutos\" \/>\n<script type=\"application\/ld+json\" class=\"yoast-schema-graph\">{\"@context\":\"https:\/\/schema.org\",\"@graph\":[{\"@type\":\"Article\",\"@id\":\"https:\/\/plasticodyssey.org\/es\/cuerdas-fibra-coco-polinesia-francesa\/#article\",\"isPartOf\":{\"@id\":\"https:\/\/plasticodyssey.org\/es\/cuerdas-fibra-coco-polinesia-francesa\/\"},\"author\":{\"name\":\"Alexandre Dechelotte\",\"@id\":\"https:\/\/plasticodyssey.org\/es\/#\/schema\/person\/5bc09812c6559069617a6a53ffdd91d9\"},\"headline\":\"Polinesia Francesa: cuerdas tejidas con fibra de coco\",\"datePublished\":\"2024-04-24T14:05:07+00:00\",\"dateModified\":\"2024-04-26T06:58:08+00:00\",\"mainEntityOfPage\":{\"@id\":\"https:\/\/plasticodyssey.org\/es\/cuerdas-fibra-coco-polinesia-francesa\/\"},\"wordCount\":1004,\"publisher\":{\"@id\":\"https:\/\/plasticodyssey.org\/es\/#organization\"},\"image\":{\"@id\":\"https:\/\/plasticodyssey.org\/es\/cuerdas-fibra-coco-polinesia-francesa\/#primaryimage\"},\"thumbnailUrl\":\"https:\/\/plasticodyssey.org\/wp-content\/uploads\/2024\/04\/BENOIT-Cocorig.jpg\",\"articleSection\":[\"Escalas\",\"Expedici\u00f3n\",\"Polinesia Francesa\"],\"inLanguage\":\"es\"},{\"@type\":\"WebPage\",\"@id\":\"https:\/\/plasticodyssey.org\/es\/cuerdas-fibra-coco-polinesia-francesa\/\",\"url\":\"https:\/\/plasticodyssey.org\/es\/cuerdas-fibra-coco-polinesia-francesa\/\",\"name\":\"Cuerdas de fibra de coco Polinesia Francesa | Plastic Odyssey\",\"isPartOf\":{\"@id\":\"https:\/\/plasticodyssey.org\/es\/#website\"},\"primaryImageOfPage\":{\"@id\":\"https:\/\/plasticodyssey.org\/es\/cuerdas-fibra-coco-polinesia-francesa\/#primaryimage\"},\"image\":{\"@id\":\"https:\/\/plasticodyssey.org\/es\/cuerdas-fibra-coco-polinesia-francesa\/#primaryimage\"},\"thumbnailUrl\":\"https:\/\/plasticodyssey.org\/wp-content\/uploads\/2024\/04\/BENOIT-Cocorig.jpg\",\"datePublished\":\"2024-04-24T14:05:07+00:00\",\"dateModified\":\"2024-04-26T06:58:08+00:00\",\"description\":\"El cultivo de perlas negras, segundo pilar econ\u00f3mico de la Polinesia Francesa, requiere mucho material, sobre todo cuerdas, para cultivar las ostras en las lagunas.\",\"breadcrumb\":{\"@id\":\"https:\/\/plasticodyssey.org\/es\/cuerdas-fibra-coco-polinesia-francesa\/#breadcrumb\"},\"inLanguage\":\"es\",\"potentialAction\":[{\"@type\":\"ReadAction\",\"target\":[\"https:\/\/plasticodyssey.org\/es\/cuerdas-fibra-coco-polinesia-francesa\/\"]}]},{\"@type\":\"ImageObject\",\"inLanguage\":\"es\",\"@id\":\"https:\/\/plasticodyssey.org\/es\/cuerdas-fibra-coco-polinesia-francesa\/#primaryimage\",\"url\":\"https:\/\/plasticodyssey.org\/wp-content\/uploads\/2024\/04\/BENOIT-Cocorig.jpg\",\"contentUrl\":\"https:\/\/plasticodyssey.org\/wp-content\/uploads\/2024\/04\/BENOIT-Cocorig.jpg\",\"width\":1920,\"height\":1080},{\"@type\":\"BreadcrumbList\",\"@id\":\"https:\/\/plasticodyssey.org\/es\/cuerdas-fibra-coco-polinesia-francesa\/#breadcrumb\",\"itemListElement\":[{\"@type\":\"ListItem\",\"position\":1,\"name\":\"Accueil\",\"item\":\"https:\/\/plasticodyssey.org\/es\/inicio\/\"},{\"@type\":\"ListItem\",\"position\":2,\"name\":\"Polinesia Francesa: cuerdas tejidas con fibra de coco\"}]},{\"@type\":\"WebSite\",\"@id\":\"https:\/\/plasticodyssey.org\/es\/#website\",\"url\":\"https:\/\/plasticodyssey.org\/es\/\",\"name\":\"Plastic Odyssey\",\"description\":\"L&#039;exp\u00e9dition autour du monde contre la pollution plastique\",\"publisher\":{\"@id\":\"https:\/\/plasticodyssey.org\/es\/#organization\"},\"potentialAction\":[{\"@type\":\"SearchAction\",\"target\":{\"@type\":\"EntryPoint\",\"urlTemplate\":\"https:\/\/plasticodyssey.org\/es\/?s={search_term_string}\"},\"query-input\":{\"@type\":\"PropertyValueSpecification\",\"valueRequired\":true,\"valueName\":\"search_term_string\"}}],\"inLanguage\":\"es\"},{\"@type\":\"Organization\",\"@id\":\"https:\/\/plasticodyssey.org\/es\/#organization\",\"name\":\"Plastic Odyssey\",\"url\":\"https:\/\/plasticodyssey.org\/es\/\",\"logo\":{\"@type\":\"ImageObject\",\"inLanguage\":\"es\",\"@id\":\"https:\/\/plasticodyssey.org\/es\/#\/schema\/logo\/image\/\",\"url\":\"https:\/\/plasticodyssey.org\/wp-content\/uploads\/2020\/02\/navire-plastic-odyssey-coucher-soleil.jpg\",\"contentUrl\":\"https:\/\/plasticodyssey.org\/wp-content\/uploads\/2020\/02\/navire-plastic-odyssey-coucher-soleil.jpg\",\"width\":1920,\"height\":1080,\"caption\":\"Plastic Odyssey\"},\"image\":{\"@id\":\"https:\/\/plasticodyssey.org\/es\/#\/schema\/logo\/image\/\"},\"sameAs\":[\"https:\/\/www.facebook.com\/plasticodyssey\/\",\"https:\/\/x.com\/plasticodyssey\",\"https:\/\/www.instagram.com\/plasticodyssey\/\",\"https:\/\/www.linkedin.com\/company\/plastic-odyssey\/\",\"https:\/\/www.youtube.com\/channel\/UC4UNxaIW9ODIuLGJaTrhnow\"]},{\"@type\":\"Person\",\"@id\":\"https:\/\/plasticodyssey.org\/es\/#\/schema\/person\/5bc09812c6559069617a6a53ffdd91d9\",\"name\":\"Alexandre Dechelotte\",\"image\":{\"@type\":\"ImageObject\",\"inLanguage\":\"es\",\"@id\":\"https:\/\/plasticodyssey.org\/es\/#\/schema\/person\/image\/\",\"url\":\"https:\/\/secure.gravatar.com\/avatar\/e12a76e6f4c4d3f8a092b4aaec28eecf4feb3c553cad4feae520a60e4de2c75f?s=96&d=mm&r=g\",\"contentUrl\":\"https:\/\/secure.gravatar.com\/avatar\/e12a76e6f4c4d3f8a092b4aaec28eecf4feb3c553cad4feae520a60e4de2c75f?s=96&d=mm&r=g\",\"caption\":\"Alexandre Dechelotte\"}}]}<\/script>\n<!-- \/ Yoast SEO plugin. -->","yoast_head_json":{"title":"Cuerdas de fibra de coco Polinesia Francesa | Plastic Odyssey","description":"El cultivo de perlas negras, segundo pilar econ\u00f3mico de la Polinesia Francesa, requiere mucho material, sobre todo cuerdas, para cultivar las ostras en las lagunas.","robots":{"index":"index","follow":"follow","max-snippet":"max-snippet:-1","max-image-preview":"max-image-preview:large","max-video-preview":"max-video-preview:-1"},"canonical":"https:\/\/plasticodyssey.org\/es\/cuerdas-fibra-coco-polinesia-francesa\/","og_locale":"es_ES","og_type":"article","og_title":"Cuerdas de fibra de coco Polinesia Francesa | Plastic Odyssey","og_description":"El cultivo de perlas negras, segundo pilar econ\u00f3mico de la Polinesia Francesa, requiere mucho material, sobre todo cuerdas, para cultivar las ostras en las lagunas.","og_url":"https:\/\/plasticodyssey.org\/es\/cuerdas-fibra-coco-polinesia-francesa\/","og_site_name":"Plastic Odyssey","article_publisher":"https:\/\/www.facebook.com\/plasticodyssey\/","article_published_time":"2024-04-24T14:05:07+00:00","article_modified_time":"2024-04-26T06:58:08+00:00","og_image":[{"width":1920,"height":1080,"url":"https:\/\/plasticodyssey.org\/wp-content\/uploads\/2024\/04\/BENOIT-Cocorig.jpg","type":"image\/jpeg"}],"author":"Alexandre Dechelotte","twitter_card":"summary_large_image","twitter_creator":"@plasticodyssey","twitter_site":"@plasticodyssey","twitter_misc":{"Escrito por":"Alexandre Dechelotte","Tiempo de lectura":"5 minutos"},"schema":{"@context":"https:\/\/schema.org","@graph":[{"@type":"Article","@id":"https:\/\/plasticodyssey.org\/es\/cuerdas-fibra-coco-polinesia-francesa\/#article","isPartOf":{"@id":"https:\/\/plasticodyssey.org\/es\/cuerdas-fibra-coco-polinesia-francesa\/"},"author":{"name":"Alexandre Dechelotte","@id":"https:\/\/plasticodyssey.org\/es\/#\/schema\/person\/5bc09812c6559069617a6a53ffdd91d9"},"headline":"Polinesia Francesa: cuerdas tejidas con fibra de coco","datePublished":"2024-04-24T14:05:07+00:00","dateModified":"2024-04-26T06:58:08+00:00","mainEntityOfPage":{"@id":"https:\/\/plasticodyssey.org\/es\/cuerdas-fibra-coco-polinesia-francesa\/"},"wordCount":1004,"publisher":{"@id":"https:\/\/plasticodyssey.org\/es\/#organization"},"image":{"@id":"https:\/\/plasticodyssey.org\/es\/cuerdas-fibra-coco-polinesia-francesa\/#primaryimage"},"thumbnailUrl":"https:\/\/plasticodyssey.org\/wp-content\/uploads\/2024\/04\/BENOIT-Cocorig.jpg","articleSection":["Escalas","Expedici\u00f3n","Polinesia Francesa"],"inLanguage":"es"},{"@type":"WebPage","@id":"https:\/\/plasticodyssey.org\/es\/cuerdas-fibra-coco-polinesia-francesa\/","url":"https:\/\/plasticodyssey.org\/es\/cuerdas-fibra-coco-polinesia-francesa\/","name":"Cuerdas de fibra de coco Polinesia Francesa | Plastic Odyssey","isPartOf":{"@id":"https:\/\/plasticodyssey.org\/es\/#website"},"primaryImageOfPage":{"@id":"https:\/\/plasticodyssey.org\/es\/cuerdas-fibra-coco-polinesia-francesa\/#primaryimage"},"image":{"@id":"https:\/\/plasticodyssey.org\/es\/cuerdas-fibra-coco-polinesia-francesa\/#primaryimage"},"thumbnailUrl":"https:\/\/plasticodyssey.org\/wp-content\/uploads\/2024\/04\/BENOIT-Cocorig.jpg","datePublished":"2024-04-24T14:05:07+00:00","dateModified":"2024-04-26T06:58:08+00:00","description":"El cultivo de perlas negras, segundo pilar econ\u00f3mico de la Polinesia Francesa, requiere mucho material, sobre todo cuerdas, para cultivar las ostras en las lagunas.","breadcrumb":{"@id":"https:\/\/plasticodyssey.org\/es\/cuerdas-fibra-coco-polinesia-francesa\/#breadcrumb"},"inLanguage":"es","potentialAction":[{"@type":"ReadAction","target":["https:\/\/plasticodyssey.org\/es\/cuerdas-fibra-coco-polinesia-francesa\/"]}]},{"@type":"ImageObject","inLanguage":"es","@id":"https:\/\/plasticodyssey.org\/es\/cuerdas-fibra-coco-polinesia-francesa\/#primaryimage","url":"https:\/\/plasticodyssey.org\/wp-content\/uploads\/2024\/04\/BENOIT-Cocorig.jpg","contentUrl":"https:\/\/plasticodyssey.org\/wp-content\/uploads\/2024\/04\/BENOIT-Cocorig.jpg","width":1920,"height":1080},{"@type":"BreadcrumbList","@id":"https:\/\/plasticodyssey.org\/es\/cuerdas-fibra-coco-polinesia-francesa\/#breadcrumb","itemListElement":[{"@type":"ListItem","position":1,"name":"Accueil","item":"https:\/\/plasticodyssey.org\/es\/inicio\/"},{"@type":"ListItem","position":2,"name":"Polinesia Francesa: cuerdas tejidas con fibra de coco"}]},{"@type":"WebSite","@id":"https:\/\/plasticodyssey.org\/es\/#website","url":"https:\/\/plasticodyssey.org\/es\/","name":"Plastic Odyssey","description":"L&#039;exp\u00e9dition autour du monde contre la pollution plastique","publisher":{"@id":"https:\/\/plasticodyssey.org\/es\/#organization"},"potentialAction":[{"@type":"SearchAction","target":{"@type":"EntryPoint","urlTemplate":"https:\/\/plasticodyssey.org\/es\/?s={search_term_string}"},"query-input":{"@type":"PropertyValueSpecification","valueRequired":true,"valueName":"search_term_string"}}],"inLanguage":"es"},{"@type":"Organization","@id":"https:\/\/plasticodyssey.org\/es\/#organization","name":"Plastic Odyssey","url":"https:\/\/plasticodyssey.org\/es\/","logo":{"@type":"ImageObject","inLanguage":"es","@id":"https:\/\/plasticodyssey.org\/es\/#\/schema\/logo\/image\/","url":"https:\/\/plasticodyssey.org\/wp-content\/uploads\/2020\/02\/navire-plastic-odyssey-coucher-soleil.jpg","contentUrl":"https:\/\/plasticodyssey.org\/wp-content\/uploads\/2020\/02\/navire-plastic-odyssey-coucher-soleil.jpg","width":1920,"height":1080,"caption":"Plastic Odyssey"},"image":{"@id":"https:\/\/plasticodyssey.org\/es\/#\/schema\/logo\/image\/"},"sameAs":["https:\/\/www.facebook.com\/plasticodyssey\/","https:\/\/x.com\/plasticodyssey","https:\/\/www.instagram.com\/plasticodyssey\/","https:\/\/www.linkedin.com\/company\/plastic-odyssey\/","https:\/\/www.youtube.com\/channel\/UC4UNxaIW9ODIuLGJaTrhnow"]},{"@type":"Person","@id":"https:\/\/plasticodyssey.org\/es\/#\/schema\/person\/5bc09812c6559069617a6a53ffdd91d9","name":"Alexandre Dechelotte","image":{"@type":"ImageObject","inLanguage":"es","@id":"https:\/\/plasticodyssey.org\/es\/#\/schema\/person\/image\/","url":"https:\/\/secure.gravatar.com\/avatar\/e12a76e6f4c4d3f8a092b4aaec28eecf4feb3c553cad4feae520a60e4de2c75f?s=96&d=mm&r=g","contentUrl":"https:\/\/secure.gravatar.com\/avatar\/e12a76e6f4c4d3f8a092b4aaec28eecf4feb3c553cad4feae520a60e4de2c75f?s=96&d=mm&r=g","caption":"Alexandre Dechelotte"}}]}},"_links":{"self":[{"href":"https:\/\/plasticodyssey.org\/es\/wp-json\/wp\/v2\/posts\/47267","targetHints":{"allow":["GET"]}}],"collection":[{"href":"https:\/\/plasticodyssey.org\/es\/wp-json\/wp\/v2\/posts"}],"about":[{"href":"https:\/\/plasticodyssey.org\/es\/wp-json\/wp\/v2\/types\/post"}],"author":[{"embeddable":true,"href":"https:\/\/plasticodyssey.org\/es\/wp-json\/wp\/v2\/users\/3"}],"replies":[{"embeddable":true,"href":"https:\/\/plasticodyssey.org\/es\/wp-json\/wp\/v2\/comments?post=47267"}],"version-history":[{"count":9,"href":"https:\/\/plasticodyssey.org\/es\/wp-json\/wp\/v2\/posts\/47267\/revisions"}],"predecessor-version":[{"id":47320,"href":"https:\/\/plasticodyssey.org\/es\/wp-json\/wp\/v2\/posts\/47267\/revisions\/47320"}],"wp:featuredmedia":[{"embeddable":true,"href":"https:\/\/plasticodyssey.org\/es\/wp-json\/wp\/v2\/media\/47233"}],"wp:attachment":[{"href":"https:\/\/plasticodyssey.org\/es\/wp-json\/wp\/v2\/media?parent=47267"}],"wp:term":[{"taxonomy":"category","embeddable":true,"href":"https:\/\/plasticodyssey.org\/es\/wp-json\/wp\/v2\/categories?post=47267"},{"taxonomy":"post_tag","embeddable":true,"href":"https:\/\/plasticodyssey.org\/es\/wp-json\/wp\/v2\/tags?post=47267"}],"curies":[{"name":"wp","href":"https:\/\/api.w.org\/{rel}","templated":true}]}}